{"id":3358,"date":"2022-02-14T00:00:00","date_gmt":"2022-02-14T00:00:00","guid":{"rendered":"https:\/\/indem.uc3m.es\/news\/workshop-avances-recientes-en-la-valoracin-y-gestin-de-activos\/"},"modified":"2022-02-14T00:00:00","modified_gmt":"2022-02-14T00:00:00","slug":"workshop-avances-recientes-en-la-valoracin-y-gestin-de-activos","status":"publish","type":"news","link":"https:\/\/indem.uc3m.es\/es\/news\/workshop-avances-recientes-en-la-valoracin-y-gestin-de-activos\/","title":{"rendered":"Workshop: Avances recientes en la valoraci\u00f3n y gesti\u00f3n de activos"},"content":{"rendered":"<p>El evento es un encuentro de expertos al m\u00e1ximo nivel en Finanzas sobre la gesti\u00f3n de carteras y valoraci\u00f3n de activos.El objetivo es conocer de cerca las innovaciones m\u00e1s punteras en los siguientes \u00e1mbitos:Gesti\u00f3n de activos, mediante la asistencia de Andrew Ang, director de inversiones de la mayor gestora del mundo; Luis M. Viceira, decano de la Hardvard Business School y reputado investigador en el \u00e1rea.Valoraci\u00f3n de activos, mediante las ponencias de Fernando Zapatero, catedr\u00e1tico de la Boston University y reputado investigador en el \u00e1rea; Sydney Ludgvinson, catedr\u00e1tica en New York University y Co-Directora del National Bureau of Economic Research (NBER)Regulaci\u00f3n, con la ponencia de Jos\u00e9 M. Campa, presidente de la Autoridad Bancaria Europea (EBA)El inter\u00e9s cient\u00edfico-t\u00e9cnico radica en la oportunidad para acad\u00e9micos y profesionales de aprender los \u00faltimos avances en la gesti\u00f3n de activos en general y factor investing en particular, as\u00ed como el impacto de la regulaci\u00f3n de la European Banking Authority y sus implicaciones en el sector bancario europeo.Aprovecharemos en encuentro para honrar la contribuci\u00f3n del prof. Gonzalo Rubio, catedr\u00e1tico de Econom\u00eda Financiera y fundador de la Asociaci\u00f3n Espa\u00f1ola de Finanzas, con motivo de su jubilaci\u00f3n.<\/p>\n","protected":false},"template":"","meta":{"site-sidebar-layout":"default","site-content-layout":"","ast-site-content-layout":"default","site-content-style":"default","site-sidebar-style":"default","ast-global-header-display":"","ast-banner-title-visibility":"","ast-main-header-display":"","ast-hfb-above-header-display":"","ast-hfb-below-header-display":"","ast-hfb-mobile-header-display":"","site-post-title":"","ast-breadcrumbs-content":"","ast-featured-img":"","footer-sml-layout":"","ast-disable-related-posts":"","theme-transparent-header-meta":"","adv-header-id-meta":"","stick-header-meta":"","header-above-stick-meta":"","header-main-stick-meta":"","header-below-stick-meta":"","astra-migrate-meta-layouts":"default","ast-page-background-enabled":"default","ast-page-background-meta":{"desktop":{"background-color":"","background-image":"","background-repeat":"repeat","background-position":"center center","background-size":"auto","background-attachment":"scroll","background-type":"","background-media":"","overlay-type":"","overlay-color":"","overlay-opacity":"","overlay-gradient":""},"tablet":{"background-color":"","background-image":"","background-repeat":"repeat","background-position":"center center","background-size":"auto","background-attachment":"scroll","background-type":"","background-media":"","overlay-type":"","overlay-color":"","overlay-opacity":"","overlay-gradient":""},"mobile":{"background-color":"","background-image":"","background-repeat":"repeat","background-position":"center center","background-size":"auto","background-attachment":"scroll","background-type":"","background-media":"","overlay-type":"","overlay-color":"","overlay-opacity":"","overlay-gradient":""}},"ast-content-background-meta":{"desktop":{"background-color":"var(--ast-global-color-5)","background-image":"","background-repeat":"repeat","background-position":"center center","background-size":"auto","background-attachment":"scroll","background-type":"","background-media":"","overlay-type":"","overlay-color":"","overlay-opacity":"","overlay-gradient":""},"tablet":{"background-color":"var(--ast-global-color-5)","background-image":"","background-repeat":"repeat","background-position":"center center","background-size":"auto","background-attachment":"scroll","background-type":"","background-media":"","overlay-type":"","overlay-color":"","overlay-opacity":"","overlay-gradient":""},"mobile":{"background-color":"var(--ast-global-color-5)","background-image":"","background-repeat":"repeat","background-position":"center center","background-size":"auto","background-attachment":"scroll","background-type":"","background-media":"","overlay-type":"","overlay-color":"","overlay-opacity":"","overlay-gradient":""}}},"class_list":["post-3358","news","type-news","status-publish","has-post-thumbnail","hentry"],"yoast_head":"<!-- This site is optimized with the Yoast SEO plugin v27.4 - https:\/\/yoast.com\/product\/yoast-seo-wordpress\/ -->\n<title>Workshop: Avances recientes en la valoraci\u00f3n y gesti\u00f3n de activos - INDEM - Departamento de Econom\u00eda de la Empresa<\/title>\n<meta name=\"robots\" content=\"index, follow, max-snippet:-1, max-image-preview:large, max-video-preview:-1\" \/>\n<link rel=\"canonical\" href=\"https:\/\/indem.uc3m.es\/es\/news\/workshop-avances-recientes-en-la-valoracin-y-gestin-de-activos\/\" \/>\n<meta property=\"og:locale\" content=\"es_ES\" \/>\n<meta property=\"og:type\" content=\"article\" \/>\n<meta property=\"og:title\" content=\"Workshop: Avances recientes en la valoraci\u00f3n y gesti\u00f3n de activos - INDEM - Departamento de Econom\u00eda de la Empresa\" \/>\n<meta property=\"og:description\" content=\"10 de junio de 2022 en el Auditorio del Campus Puerta de Toledo de la Universidad Carlos III de Madrid\" \/>\n<meta property=\"og:url\" content=\"https:\/\/indem.uc3m.es\/es\/news\/workshop-avances-recientes-en-la-valoracin-y-gestin-de-activos\/\" \/>\n<meta property=\"og:site_name\" content=\"INDEM - Departamento de Econom\u00eda de la Empresa\" \/>\n<meta property=\"og:image\" content=\"https:\/\/indem.uc3m.es\/wp-content\/uploads\/2025\/03\/news-1644839903.jpg\" \/>\n\t<meta property=\"og:image:width\" content=\"1140\" \/>\n\t<meta property=\"og:image:height\" content=\"413\" \/>\n\t<meta property=\"og:image:type\" content=\"image\/jpeg\" \/>\n<meta name=\"twitter:card\" content=\"summary_large_image\" \/>\n<meta name=\"twitter:label1\" content=\"Tiempo de lectura\" \/>\n\t<meta name=\"twitter:data1\" content=\"1 minuto\" \/>\n<script type=\"application\/ld+json\" class=\"yoast-schema-graph\">{\"@context\":\"https:\\\/\\\/schema.org\",\"@graph\":[{\"@type\":\"WebPage\",\"@id\":\"https:\\\/\\\/indem.uc3m.es\\\/es\\\/news\\\/workshop-avances-recientes-en-la-valoracin-y-gestin-de-activos\\\/\",\"url\":\"https:\\\/\\\/indem.uc3m.es\\\/es\\\/news\\\/workshop-avances-recientes-en-la-valoracin-y-gestin-de-activos\\\/\",\"name\":\"Workshop: Avances recientes en la valoraci\u00f3n y gesti\u00f3n de activos - INDEM - Departamento de Econom\u00eda de la Empresa\",\"isPartOf\":{\"@id\":\"https:\\\/\\\/indem.uc3m.es\\\/es\\\/#website\"},\"primaryImageOfPage\":{\"@id\":\"https:\\\/\\\/indem.uc3m.es\\\/es\\\/news\\\/workshop-avances-recientes-en-la-valoracin-y-gestin-de-activos\\\/#primaryimage\"},\"image\":{\"@id\":\"https:\\\/\\\/indem.uc3m.es\\\/es\\\/news\\\/workshop-avances-recientes-en-la-valoracin-y-gestin-de-activos\\\/#primaryimage\"},\"thumbnailUrl\":\"https:\\\/\\\/indem.uc3m.es\\\/wp-content\\\/uploads\\\/2025\\\/03\\\/news-1644839903.jpg\",\"datePublished\":\"2022-02-14T00:00:00+00:00\",\"breadcrumb\":{\"@id\":\"https:\\\/\\\/indem.uc3m.es\\\/es\\\/news\\\/workshop-avances-recientes-en-la-valoracin-y-gestin-de-activos\\\/#breadcrumb\"},\"inLanguage\":\"es\",\"potentialAction\":[{\"@type\":\"ReadAction\",\"target\":[\"https:\\\/\\\/indem.uc3m.es\\\/es\\\/news\\\/workshop-avances-recientes-en-la-valoracin-y-gestin-de-activos\\\/\"]}]},{\"@type\":\"ImageObject\",\"inLanguage\":\"es\",\"@id\":\"https:\\\/\\\/indem.uc3m.es\\\/es\\\/news\\\/workshop-avances-recientes-en-la-valoracin-y-gestin-de-activos\\\/#primaryimage\",\"url\":\"https:\\\/\\\/indem.uc3m.es\\\/wp-content\\\/uploads\\\/2025\\\/03\\\/news-1644839903.jpg\",\"contentUrl\":\"https:\\\/\\\/indem.uc3m.es\\\/wp-content\\\/uploads\\\/2025\\\/03\\\/news-1644839903.jpg\",\"width\":1140,\"height\":413,\"caption\":\"Workshop: Avances recientes en la valoraci\u00f3n y gesti\u00f3n de activos\"},{\"@type\":\"BreadcrumbList\",\"@id\":\"https:\\\/\\\/indem.uc3m.es\\\/es\\\/news\\\/workshop-avances-recientes-en-la-valoracin-y-gestin-de-activos\\\/#breadcrumb\",\"itemListElement\":[{\"@type\":\"ListItem\",\"position\":1,\"name\":\"Portada\",\"item\":\"https:\\\/\\\/indem.uc3m.es\\\/es\\\/\"},{\"@type\":\"ListItem\",\"position\":2,\"name\":\"News\",\"item\":\"https:\\\/\\\/indem.uc3m.es\\\/es\\\/news\\\/\"},{\"@type\":\"ListItem\",\"position\":3,\"name\":\"Workshop: Avances recientes en la valoraci\u00f3n y gesti\u00f3n de activos\"}]},{\"@type\":\"WebSite\",\"@id\":\"https:\\\/\\\/indem.uc3m.es\\\/es\\\/#website\",\"url\":\"https:\\\/\\\/indem.uc3m.es\\\/es\\\/\",\"name\":\"INDEM - Departamento de Econom\u00eda de la Empresa\",\"description\":\"A Journey to Excellence.\",\"publisher\":{\"@id\":\"https:\\\/\\\/indem.uc3m.es\\\/es\\\/#organization\"},\"potentialAction\":[{\"@type\":\"SearchAction\",\"target\":{\"@type\":\"EntryPoint\",\"urlTemplate\":\"https:\\\/\\\/indem.uc3m.es\\\/es\\\/?s={search_term_string}\"},\"query-input\":{\"@type\":\"PropertyValueSpecification\",\"valueRequired\":true,\"valueName\":\"search_term_string\"}}],\"inLanguage\":\"es\"},{\"@type\":\"Organization\",\"@id\":\"https:\\\/\\\/indem.uc3m.es\\\/es\\\/#organization\",\"name\":\"INDEM - Departamento de Econom\u00eda de la Empresa\",\"url\":\"https:\\\/\\\/indem.uc3m.es\\\/es\\\/\",\"logo\":{\"@type\":\"ImageObject\",\"inLanguage\":\"es\",\"@id\":\"https:\\\/\\\/indem.uc3m.es\\\/es\\\/#\\\/schema\\\/logo\\\/image\\\/\",\"url\":\"https:\\\/\\\/indem.uc3m.es\\\/wp-content\\\/uploads\\\/2025\\\/03\\\/cropped-uc3m_Denom_InstitutoDeasrrollo_Empresarial-01.png\",\"contentUrl\":\"https:\\\/\\\/indem.uc3m.es\\\/wp-content\\\/uploads\\\/2025\\\/03\\\/cropped-uc3m_Denom_InstitutoDeasrrollo_Empresarial-01.png\",\"width\":675,\"height\":129,\"caption\":\"INDEM - Departamento de Econom\u00eda de la Empresa\"},\"image\":{\"@id\":\"https:\\\/\\\/indem.uc3m.es\\\/es\\\/#\\\/schema\\\/logo\\\/image\\\/\"}}]}<\/script>\n<!-- \/ Yoast SEO plugin. -->","yoast_head_json":{"title":"Workshop: Avances recientes en la valoraci\u00f3n y gesti\u00f3n de activos - INDEM - Departamento de Econom\u00eda de la Empresa","robots":{"index":"index","follow":"follow","max-snippet":"max-snippet:-1","max-image-preview":"max-image-preview:large","max-video-preview":"max-video-preview:-1"},"canonical":"https:\/\/indem.uc3m.es\/es\/news\/workshop-avances-recientes-en-la-valoracin-y-gestin-de-activos\/","og_locale":"es_ES","og_type":"article","og_title":"Workshop: Avances recientes en la valoraci\u00f3n y gesti\u00f3n de activos - INDEM - Departamento de Econom\u00eda de la Empresa","og_description":"10 de junio de 2022 en el Auditorio del Campus Puerta de Toledo de la Universidad Carlos III de Madrid","og_url":"https:\/\/indem.uc3m.es\/es\/news\/workshop-avances-recientes-en-la-valoracin-y-gestin-de-activos\/","og_site_name":"INDEM - Departamento de Econom\u00eda de la Empresa","og_image":[{"width":1140,"height":413,"url":"https:\/\/indem.uc3m.es\/wp-content\/uploads\/2025\/03\/news-1644839903.jpg","type":"image\/jpeg"}],"twitter_card":"summary_large_image","twitter_misc":{"Tiempo de lectura":"1 minuto"},"schema":{"@context":"https:\/\/schema.org","@graph":[{"@type":"WebPage","@id":"https:\/\/indem.uc3m.es\/es\/news\/workshop-avances-recientes-en-la-valoracin-y-gestin-de-activos\/","url":"https:\/\/indem.uc3m.es\/es\/news\/workshop-avances-recientes-en-la-valoracin-y-gestin-de-activos\/","name":"Workshop: Avances recientes en la valoraci\u00f3n y gesti\u00f3n de activos - INDEM - Departamento de Econom\u00eda de la Empresa","isPartOf":{"@id":"https:\/\/indem.uc3m.es\/es\/#website"},"primaryImageOfPage":{"@id":"https:\/\/indem.uc3m.es\/es\/news\/workshop-avances-recientes-en-la-valoracin-y-gestin-de-activos\/#primaryimage"},"image":{"@id":"https:\/\/indem.uc3m.es\/es\/news\/workshop-avances-recientes-en-la-valoracin-y-gestin-de-activos\/#primaryimage"},"thumbnailUrl":"https:\/\/indem.uc3m.es\/wp-content\/uploads\/2025\/03\/news-1644839903.jpg","datePublished":"2022-02-14T00:00:00+00:00","breadcrumb":{"@id":"https:\/\/indem.uc3m.es\/es\/news\/workshop-avances-recientes-en-la-valoracin-y-gestin-de-activos\/#breadcrumb"},"inLanguage":"es","potentialAction":[{"@type":"ReadAction","target":["https:\/\/indem.uc3m.es\/es\/news\/workshop-avances-recientes-en-la-valoracin-y-gestin-de-activos\/"]}]},{"@type":"ImageObject","inLanguage":"es","@id":"https:\/\/indem.uc3m.es\/es\/news\/workshop-avances-recientes-en-la-valoracin-y-gestin-de-activos\/#primaryimage","url":"https:\/\/indem.uc3m.es\/wp-content\/uploads\/2025\/03\/news-1644839903.jpg","contentUrl":"https:\/\/indem.uc3m.es\/wp-content\/uploads\/2025\/03\/news-1644839903.jpg","width":1140,"height":413,"caption":"Workshop: Avances recientes en la valoraci\u00f3n y gesti\u00f3n de activos"},{"@type":"BreadcrumbList","@id":"https:\/\/indem.uc3m.es\/es\/news\/workshop-avances-recientes-en-la-valoracin-y-gestin-de-activos\/#breadcrumb","itemListElement":[{"@type":"ListItem","position":1,"name":"Portada","item":"https:\/\/indem.uc3m.es\/es\/"},{"@type":"ListItem","position":2,"name":"News","item":"https:\/\/indem.uc3m.es\/es\/news\/"},{"@type":"ListItem","position":3,"name":"Workshop: Avances recientes en la valoraci\u00f3n y gesti\u00f3n de activos"}]},{"@type":"WebSite","@id":"https:\/\/indem.uc3m.es\/es\/#website","url":"https:\/\/indem.uc3m.es\/es\/","name":"INDEM - Departamento de Econom\u00eda de la Empresa","description":"A Journey to Excellence.","publisher":{"@id":"https:\/\/indem.uc3m.es\/es\/#organization"},"potentialAction":[{"@type":"SearchAction","target":{"@type":"EntryPoint","urlTemplate":"https:\/\/indem.uc3m.es\/es\/?s={search_term_string}"},"query-input":{"@type":"PropertyValueSpecification","valueRequired":true,"valueName":"search_term_string"}}],"inLanguage":"es"},{"@type":"Organization","@id":"https:\/\/indem.uc3m.es\/es\/#organization","name":"INDEM - Departamento de Econom\u00eda de la Empresa","url":"https:\/\/indem.uc3m.es\/es\/","logo":{"@type":"ImageObject","inLanguage":"es","@id":"https:\/\/indem.uc3m.es\/es\/#\/schema\/logo\/image\/","url":"https:\/\/indem.uc3m.es\/wp-content\/uploads\/2025\/03\/cropped-uc3m_Denom_InstitutoDeasrrollo_Empresarial-01.png","contentUrl":"https:\/\/indem.uc3m.es\/wp-content\/uploads\/2025\/03\/cropped-uc3m_Denom_InstitutoDeasrrollo_Empresarial-01.png","width":675,"height":129,"caption":"INDEM - Departamento de Econom\u00eda de la Empresa"},"image":{"@id":"https:\/\/indem.uc3m.es\/es\/#\/schema\/logo\/image\/"}}]}},"_links":{"self":[{"href":"https:\/\/indem.uc3m.es\/es\/wp-json\/wp\/v2\/news\/3358","targetHints":{"allow":["GET"]}}],"collection":[{"href":"https:\/\/indem.uc3m.es\/es\/wp-json\/wp\/v2\/news"}],"about":[{"href":"https:\/\/indem.uc3m.es\/es\/wp-json\/wp\/v2\/types\/news"}],"wp:featuredmedia":[{"embeddable":true,"href":"https:\/\/indem.uc3m.es\/es\/wp-json\/wp\/v2\/media\/1579"}],"wp:attachment":[{"href":"https:\/\/indem.uc3m.es\/es\/wp-json\/wp\/v2\/media?parent=3358"}],"curies":[{"name":"wp","href":"https:\/\/api.w.org\/{rel}","templated":true}]}}